{"id":20050,"date":"2026-06-10T12:24:32","date_gmt":"2026-06-10T10:24:32","guid":{"rendered":"https:\/\/pintormallorca.es\/?p=20050"},"modified":"2026-08-14T12:05:37","modified_gmt":"2026-08-14T10:05:37","slug":"lacar-portes-en-blanc","status":"publish","type":"post","link":"https:\/\/pintormallorca.es\/ca\/lacar-portes-en-blanc\/","title":{"rendered":"Lacar portes en blanc a Mallorca: preu, terminis i qu\u00e8 has de saber abans de decidir-te"},"content":{"rendered":"<div class=\"fusion-fullwidth fullwidth-box fusion-builder-row-1 fusion-flex-container has-pattern-background has-mask-background nonhundred-percent-fullwidth non-hundred-percent-height-scrolling\" style=\"--awb-border-radius-top-left:0px;--awb-border-radius-top-right:0px;--awb-border-radius-bottom-right:0px;--awb-border-radius-bottom-left:0px;--awb-flex-wrap:wrap;\" ><div class=\"fusion-builder-row fusion-row fusion-flex-align-items-flex-start fusion-flex-content-wrap\" style=\"max-width:1248px;margin-left: calc(-4% \/ 2 );margin-right: calc(-4% \/ 2 );\"><div class=\"fusion-layout-column fusion_builder_column fusion-builder-column-0 fusion_builder_column_1_1 1_1 fusion-flex-column\" style=\"--awb-bg-size:cover;--awb-width-large:100%;--awb-margin-top-large:0px;--awb-spacing-right-large:1.92%;--awb-margin-bottom-large:20px;--awb-spacing-left-large:1.92%;--awb-width-medium:100%;--awb-order-medium:0;--awb-spacing-right-medium:1.92%;--awb-spacing-left-medium:1.92%;--awb-width-small:100%;--awb-order-small:0;--awb-spacing-right-small:1.92%;--awb-spacing-left-small:1.92%;\"><div class=\"fusion-column-wrapper fusion-column-has-shadow fusion-flex-justify-content-flex-start fusion-content-layout-column\"><div class=\"fusion-text fusion-text-1\"><section class=\"\" data-writing-block=\"\">\n<div class=\"text-base my-auto mx-auto pb-10 &#091;--thread-content-margin:var(--thread-content-margin-xs,calc(var(--spacing)*4))&#093; @w-sm\/main:&#091;--thread-content-margin:var(--thread-content-margin-sm,calc(var(--spacing)*6))&#093; @w-lg\/main:&#091;--thread-content-margin:var(--thread-content-margin-lg,calc(var(--spacing)*16))&#093; px-(--thread-content-margin)\">\n<div class=\"&#091;--thread-content-max-width:40rem&#093; @w-lg\/main:&#091;--thread-content-max-width:48rem&#093; mx-auto max-w-(--thread-content-max-width) flex-1 group\/turn-messages focus-visible:outline-hidden relative flex w-full min-w-0 flex-col agent-turn\">\n<div class=\"flex max-w-full flex-col gap-4 grow\">\n<div class=\"min-h-8 text-message relative flex w-full flex-col items-end gap-2 text-start break-words whitespace-normal outline-none keyboard-focused:focus-ring &#091;.text-message+&amp;&#093;:mt-1\" dir=\"auto\" tabindex=\"0\" data-message-author-role=\"assistant\" data-message-id=\"87d53a0d-2441-417b-8664-ac8881d353f0\" data-message-model-slug=\"gpt-5-5\" data-turn-start-message=\"true\">\n<div class=\"flex w-full flex-col gap-1 empty:hidden\">\n<div class=\"markdown prose dark:prose-invert w-full wrap-break-word light markdown-new-styling\">\n<p data-start=\"93\" data-end=\"312\">Canviar l\u2019aspecte d\u2019un habitatge no sempre requereix una reforma completa. En molts casos, lacar les portes en blanc permet modernitzar completament un pis o una casa sense necessitat de substituir la fusteria existent.<\/p>\n<p data-start=\"314\" data-end=\"544\">\u00c9s una de les consultes m\u00e9s habituals que rebem a Mallorca. Molts clients tenen portes de fusta fosca, envernissades fa anys, que continuen estant en bon estat estructural per\u00f2 que ja no encaixen amb l\u2019estil actual de l\u2019habitatge.<\/p>\n<p data-start=\"546\" data-end=\"638\">La pregunta sol ser sempre la mateixa: val la pena lacar les portes o \u00e9s millor canviar-les?<\/p>\n<p data-start=\"640\" data-end=\"824\">La resposta dep\u00e8n de diversos factors, per\u00f2 en moltes ocasions el lacat permet aconseguir un resultat pr\u00e0cticament equivalent al d\u2019una porta nova, amb una inversi\u00f3 molt m\u00e9s continguda.<\/p>\n<h2 data-section-id=\"nkhlng\" data-start=\"826\" data-end=\"898\"><strong>Per qu\u00e8 cada vegada m\u00e9s persones decideixen lacar les portes en blanc<\/strong><\/h2>\n<p data-start=\"900\" data-end=\"975\">Les tend\u00e8ncies d\u2019interiorisme han evolucionat molt durant els darrers anys.<\/p>\n<p data-start=\"977\" data-end=\"1201\">Els tons foscos han anat deixant pas a espais m\u00e9s lluminosos, nets i visualment amplis. Les portes blanques ajuden precisament a aconseguir aquesta sensaci\u00f3 d\u2019amplitud i continu\u00eftat visual que avui cerquen molts propietaris.<\/p>\n<p data-start=\"1203\" data-end=\"1353\">A m\u00e9s, en habitatges on la resta d\u2019elements es troben en bon estat, canviar \u00fanicament les portes pot transformar completament la percepci\u00f3 de l\u2019espai.<\/p>\n<p data-start=\"1355\" data-end=\"1519\">Per aquest motiu, el lacat de portes en blanc s\u2019ha convertit en una de les actuacions m\u00e9s demandades en reformes parcials i actualitzacions d\u2019habitatges a Mallorca.<\/p>\n<h2 data-section-id=\"1c6z8ct\" data-start=\"1521\" data-end=\"1556\"><strong>Es poden lacar totes les portes?<\/strong><\/h2>\n<p data-start=\"1558\" data-end=\"1793\">En la majoria dels casos s\u00ed. Les portes de fusta massissa solen oferir excel\u00b7lents resultats. Tamb\u00e9 moltes portes xapades o lacades anteriorment poden renovar-se correctament mitjan\u00e7ant un proc\u00e9s professional de preparaci\u00f3 i aplicaci\u00f3.<\/p>\n<p data-start=\"1795\" data-end=\"1865\">El que realment importa no \u00e9s tant el material com l\u2019estat del suport.<\/p>\n<p data-start=\"1867\" data-end=\"1916\">Abans de realitzar qualsevol feina conv\u00e9 valorar:<\/p>\n<ul data-start=\"1918\" data-end=\"2045\">\n<li data-section-id=\"1x1p3hf\" data-start=\"1918\" data-end=\"1944\">l\u2019estat de la superf\u00edcie<\/li>\n<li data-section-id=\"1oc4pdr\" data-start=\"1945\" data-end=\"1966\">cops o desperfectes<\/li>\n<li data-section-id=\"2nhq99\" data-start=\"1967\" data-end=\"1988\">vernissos existents<\/li>\n<li data-section-id=\"fqpr60\" data-start=\"1989\" data-end=\"2013\">possibles deformacions<\/li>\n<li data-section-id=\"1uqb4x0\" data-start=\"2014\" data-end=\"2045\">qualitat de la porta original<\/li>\n<\/ul>\n<p data-start=\"2047\" data-end=\"2141\">Una inspecci\u00f3 pr\u00e8via permet determinar si el lacat \u00e9s viable i quin \u00e9s el sistema m\u00e9s adequat.<\/p>\n<h2 data-section-id=\"n3zymn\" data-start=\"2143\" data-end=\"2203\"><strong>Quina difer\u00e8ncia hi ha entre pintar una porta i lacar-la?<\/strong><\/h2>\n<p data-start=\"2205\" data-end=\"2327\">\u00c9s un dubte molt habitual. Tot i que moltes persones utilitzen ambd\u00f3s termes com a sin\u00f2nims, t\u00e8cnicament no s\u00f3n el mateix.<\/p>\n<p data-start=\"2329\" data-end=\"2410\">Pintar una porta consisteix simplement a aplicar una pintura sobre la superf\u00edcie.<\/p>\n<p data-start=\"2412\" data-end=\"2592\">Lacar implica un proc\u00e9s m\u00e9s complet que inclou preparaci\u00f3, imprimaci\u00f3, poliment i aplicaci\u00f3 de productes espec\u00edfics per aconseguir un acabat molt m\u00e9s uniforme, resistent i durador.<\/p>\n<p data-start=\"2594\" data-end=\"2712\">La difer\u00e8ncia s\u2019aprecia especialment en la suavitat de l\u2019acabat, la resist\u00e8ncia a l\u2019\u00fas diari i la facilitat de neteja.<\/p>\n<p data-start=\"2714\" data-end=\"2804\">Per aix\u00f2, quan es cerca un resultat de qualitat, el lacat sol ser l\u2019opci\u00f3 m\u00e9s recomanable.<\/p>\n<h2 data-section-id=\"1x39wa7\" data-start=\"2806\" data-end=\"2848\"><strong>Cal desmuntar les portes per lacar-les?<\/strong><\/h2>\n<p data-start=\"2850\" data-end=\"3044\">Dep\u00e8n de la feina i del resultat que es vulgui aconseguir. En acabats d\u2019alt brillantor, el m\u00e9s habitual \u00e9s desmuntar portes i ferratges per treballar de manera molt m\u00e9s precisa al nostre taller.<\/p>\n<p data-start=\"3046\" data-end=\"3288\">En el nostre cas, disposam de cabines pressuritzades i zones espec\u00edfiques d\u2019assecat que permeten controlar millor el proc\u00e9s i obtenir acabats m\u00e9s uniformes. Aquest sistema tamb\u00e9 redueix la pres\u00e8ncia de pols i imperfeccions durant l\u2019aplicaci\u00f3.<\/p>\n<p data-start=\"3290\" data-end=\"3357\">Els marcs s\u00ed que solem lacar-los sempre in situ, a casa del client.<\/p>\n<h2 data-section-id=\"1k54fl\" data-start=\"3359\" data-end=\"3406\"><strong>Quant de temps es tarda a lacar unes portes?<\/strong><\/h2>\n<p data-start=\"3408\" data-end=\"3458\">No existeix una resposta \u00fanica. El temps dep\u00e8n de:<\/p>\n<ul data-start=\"3460\" data-end=\"3564\">\n<li data-section-id=\"6qkqcf\" data-start=\"3460\" data-end=\"3478\">nombre de portes<\/li>\n<li data-section-id=\"1oil11y\" data-start=\"3479\" data-end=\"3501\">estat de conservaci\u00f3<\/li>\n<li data-section-id=\"3src0x\" data-start=\"3502\" data-end=\"3529\">necessitat de reparacions<\/li>\n<li data-section-id=\"1u7pv0q\" data-start=\"3530\" data-end=\"3546\">tipus d\u2019acabat<\/li>\n<li data-section-id=\"11fxti0\" data-start=\"3547\" data-end=\"3564\">temps d\u2019assecat<\/li>\n<\/ul>\n<p data-start=\"3566\" data-end=\"3711\">Com a refer\u00e8ncia, un habitatge est\u00e0ndard sol requerir diversos dies entre el desmuntatge, la preparaci\u00f3, el lacat, l\u2019assecat i el muntatge final.<\/p>\n<p data-start=\"3713\" data-end=\"3898\">Precisament, un dels errors m\u00e9s freq\u00fcents \u00e9s intentar accelerar els temps d\u2019assecat. En els treballs de lacat, respectar cada fase \u00e9s fonamental per garantir la durabilitat de l\u2019acabat.<\/p>\n<h2 data-section-id=\"h1jadb\" data-start=\"3900\" data-end=\"3943\"><strong>Preu de lacar portes en blanc a Mallorca<\/strong><\/h2>\n<p data-start=\"3945\" data-end=\"4076\">El preu dep\u00e8n de diversos factors i per aix\u00f2 \u00e9s dif\u00edcil donar una xifra universal. Entre els aspectes que m\u00e9s influeixen hi trobam:<\/p>\n<ul data-start=\"4078\" data-end=\"4257\">\n<li data-section-id=\"6qkqcf\" data-start=\"4078\" data-end=\"4096\">nombre de portes<\/li>\n<li data-section-id=\"1x4f9ma\" data-start=\"4097\" data-end=\"4123\">estat de les superf\u00edcies<\/li>\n<li data-section-id=\"p9hkl9\" data-start=\"4124\" data-end=\"4170\">exist\u00e8ncia de motllures o detalls decoratius<\/li>\n<li data-section-id=\"1wvcqf6\" data-start=\"4171\" data-end=\"4206\">necessitat de reparacions pr\u00e8vies<\/li>\n<li data-section-id=\"27c0fy\" data-start=\"4207\" data-end=\"4232\">tipus de lacat escollit<\/li>\n<li data-section-id=\"1ki23yr\" data-start=\"4233\" data-end=\"4257\">desmuntatge i muntatge<\/li>\n<\/ul>\n<p data-start=\"4259\" data-end=\"4352\">Per aquest motiu, els pressuposts solen realitzar-se despr\u00e9s d\u2019una visita o valoraci\u00f3 pr\u00e8via.<\/p>\n<p data-start=\"4354\" data-end=\"4562\">Igual que passa amb el cost de pintar un habitatge, una part important del cost no est\u00e0 \u00fanicament en l\u2019aplicaci\u00f3 del producte, sin\u00f3 en la preparaci\u00f3 necess\u00e0ria per aconseguir un acabat professional i durador.<\/p>\n<h2 data-section-id=\"182dwwp\" data-start=\"4564\" data-end=\"4620\"><strong>Quin acabat \u00e9s millor: mate, satinat o alta brillantor?<\/strong><\/h2>\n<p data-start=\"4622\" data-end=\"4759\">L\u2019elecci\u00f3 de l\u2019acabat no s\u2019hauria de plantejar com una q\u00fcesti\u00f3 de moda, sin\u00f3 d\u2019\u00fas, estil de l\u2019habitatge i resultat que es vol aconseguir.<\/p>\n<p data-start=\"4761\" data-end=\"5002\">En portes interiors, armaris i fusteries, els acabats mates i satinats solen funcionar molt b\u00e9 quan es cerca una imatge discreta, c\u00e0lida i contempor\u00e0nia. El satinat, a m\u00e9s, aporta un lleuger reflex i facilita la neteja en zones d\u2019\u00fas freq\u00fcent.<\/p>\n<p data-start=\"5004\" data-end=\"5374\">L\u2019alta brillantor, en canvi, t\u00e9 un altre car\u00e0cter. No \u00e9s un acabat passat de moda, sin\u00f3 una opci\u00f3 m\u00e9s exigent i sofisticada, molt interessant quan es vol aportar lluminositat, profunditat i un efecte m\u00e9s elegant o decoratiu. Aix\u00f2 s\u00ed, en reflectir m\u00e9s la llum, tamb\u00e9 exigeix una preparaci\u00f3 del suport molt precisa, ja que qualsevol imperfecci\u00f3 es percep amb m\u00e9s facilitat.<\/p>\n<p data-start=\"5376\" data-end=\"5645\">A Pintures i Lacats Toni Planas treballam tant acabats mats i setinats com lacats d\u2019alta brillantor en cabines pressuritzades, de manera que l\u2019elecci\u00f3 dep\u00e8n de l\u2019estil de l\u2019habitatge, del tipus de pe\u00e7a i del protagonisme que es vulgui donar a portes, mobles o fusteries.<\/p>\n<h2 data-section-id=\"1nmb4po\" data-start=\"5647\" data-end=\"5697\"><strong>Qu\u00e8 has de valorar abans de demanar pressupost?<\/strong><\/h2>\n<p data-start=\"5699\" data-end=\"5793\">Abans de sol\u00b7licitar diversos pressuposts conv\u00e9 fixar-se en alguna cosa m\u00e9s que el preu final.<\/p>\n<p data-start=\"5795\" data-end=\"5818\">\u00c9s recomanable demanar:<\/p>\n<ul data-start=\"5820\" data-end=\"6027\">\n<li data-section-id=\"pgrj7n\" data-start=\"5820\" data-end=\"5847\">on es realitzar\u00e0 el lacat<\/li>\n<li data-section-id=\"9nsvlj\" data-start=\"5848\" data-end=\"5887\">quin sistema d\u2019aplicaci\u00f3 s\u2019utilitzar\u00e0<\/li>\n<li data-section-id=\"1pj9ixp\" data-start=\"5888\" data-end=\"5918\">si les portes es desmuntaran<\/li>\n<li data-section-id=\"1ac9ua4\" data-start=\"5919\" data-end=\"5953\">quina preparaci\u00f3 inclou la feina<\/li>\n<li data-section-id=\"kslh4y\" data-start=\"5954\" data-end=\"5987\">quin tipus de laques s\u2019empraran<\/li>\n<li data-section-id=\"1nbw1tp\" data-start=\"5988\" data-end=\"6027\">quins terminis d\u2019execuci\u00f3 es preveuen<\/li>\n<\/ul>\n<p data-start=\"6029\" data-end=\"6182\">Dos pressuposts aparentment similars poden oferir nivells de qualitat molt diferents. Per aix\u00f2, entendre el proc\u00e9s \u00e9s tan important com comparar el cost.<\/p>\n<p data-start=\"6184\" data-end=\"6389\">Si vols con\u00e8ixer m\u00e9s detalls sobre sistemes professionals de lacat, pots consultar el nostre servei de lacats a Mallorca, on explicam les diferents feines que realitzam sobre portes, mobiliari i fusteries.<\/p>\n<h2 data-section-id=\"1rscki4\" data-start=\"6391\" data-end=\"6452\"><strong>Preguntes freq\u00fcents sobre lacar portes en blanc a Mallorca<\/strong><\/h2>\n<h3 data-section-id=\"1lfpfga\" data-start=\"6454\" data-end=\"6498\"><strong>\u00c9s m\u00e9s barat lacar portes o canviar-les?<\/strong><\/h3>\n<p data-start=\"6500\" data-end=\"6625\">En moltes ocasions, s\u00ed. Especialment quan les portes existents s\u00f3n de bona qualitat i es troben estructuralment en bon estat.<\/p>\n<h3 data-section-id=\"4i4nr9\" data-start=\"6627\" data-end=\"6675\"><strong>Cal buidar l\u2019habitatge per lacar les portes?<\/strong><\/h3>\n<p data-start=\"6677\" data-end=\"6856\">No. Normalment basta retirar objectes delicats o personals. Nosaltres ens encarregam de protegir correctament les zones de treball i organitzar el proc\u00e9s per minimitzar mol\u00e8sties.<\/p>\n<h3 data-section-id=\"1v2oyci\" data-start=\"6858\" data-end=\"6898\"><strong>Es pot viure a casa durant el lacat?<\/strong><\/h3>\n<p data-start=\"6900\" data-end=\"7084\">S\u00ed. En la majoria dels projectes els propietaris continuen utilitzant l\u2019habitatge amb normalitat, tenint en compte les limitacions temporals derivades del desmuntatge d\u2019algunes portes.<\/p>\n<h3 data-section-id=\"vc2zld\" data-start=\"7086\" data-end=\"7122\"><strong>Quant duren unes portes lacades?<\/strong><\/h3>\n<p data-start=\"7124\" data-end=\"7267\">Si la feina es realitza correctament i s\u2019utilitzen materials de qualitat, l\u2019acabat es pot mantenir en excel\u00b7lents condicions durant molts anys.<\/p>\n<h3 data-section-id=\"1c16q2d\" data-start=\"7269\" data-end=\"7311\"><strong>Es poden lacar tamb\u00e9 armaris i mobles?<\/strong><\/h3>\n<p data-start=\"7313\" data-end=\"7508\" data-is-last-node=\"\" data-is-only-node=\"\">S\u00ed. De fet, moltes vegades s\u2019aprofita el projecte per actualitzar conjuntament portes, armaris encastats i altres elements de fusteria, aconseguint una imatge molt m\u00e9s uniforme a tot l\u2019habitatge.<\/p>\n<p data-start=\"1781\" data-end=\"2067\" data-is-last-node=\"\" data-is-only-node=\"\">\n<\/div>\n<\/div>\n<\/div>\n<\/div>\n<\/div>\n<\/div>\n<\/section>\n<p><img decoding=\"async\" class=\"alignnone wp-image-20043 size-full\" src=\"https:\/\/pintormallorca.es\/wp-content\/uploads\/2026\/06\/lacadores-puertas-en-inca.jpg\" alt=\"empresa para lacar puertas en blanco\" width=\"1200\" height=\"800\" srcset=\"https:\/\/pintormallorca.es\/wp-content\/uploads\/2026\/06\/lacadores-puertas-en-inca-200x133.jpg 200w, https:\/\/pintormallorca.es\/wp-content\/uploads\/2026\/06\/lacadores-puertas-en-inca-400x267.jpg 400w, https:\/\/pintormallorca.es\/wp-content\/uploads\/2026\/06\/lacadores-puertas-en-inca-600x400.jpg 600w, https:\/\/pintormallorca.es\/wp-content\/uploads\/2026\/06\/lacadores-puertas-en-inca-768x512.jpg 768w, https:\/\/pintormallorca.es\/wp-content\/uploads\/2026\/06\/lacadores-puertas-en-inca-800x533.jpg 800w, https:\/\/pintormallorca.es\/wp-content\/uploads\/2026\/06\/lacadores-puertas-en-inca.jpg 1200w\" sizes=\"(max-width: 1200px) 100vw, 1200px\" \/><\/p>\n<\/div><\/div><\/div><\/div><\/div>\n","protected":false},"excerpt":{"rendered":"","protected":false},"author":9,"featured_media":20041,"comment_status":"closed","ping_status":"closed","sticky":false,"template":"","format":"standard","meta":{"footnotes":""},"categories":[265],"tags":[],"class_list":["post-20050","post","type-post","status-publish","format-standard","has-post-thumbnail","hentry","category-noticies"],"yoast_head":"<!-- This site is optimized with the Yoast SEO plugin v26.0 - https:\/\/yoast.com\/wordpress\/plugins\/seo\/ -->\n<title>Lacar portes en blanc a Mallorca | Preu, terminis i consells | Blog<\/title>\n<meta name=\"description\" content=\"Lacar portes en blanc a Mallorca: acabat llis i resistent aplicat en cabina. Renova portes i armaris vells sense canviar-los. Demana el teu pressupost.\" \/>\n<meta name=\"robots\" content=\"index, follow, max-snippet:-1, max-image-preview:large, max-video-preview:-1\" \/>\n<link rel=\"canonical\" href=\"https:\/\/pintormallorca.es\/ca\/lacar-portes-en-blanc\/\" \/>\n<meta property=\"og:locale\" content=\"ca_ES\" \/>\n<meta property=\"og:type\" content=\"article\" \/>\n<meta property=\"og:title\" content=\"Lacar portes en blanc a Mallorca | Preu, terminis i consells | Blog\" \/>\n<meta property=\"og:description\" content=\"Lacar portes en blanc a Mallorca: acabat llis i resistent aplicat en cabina. Renova portes i armaris vells sense canviar-los. Demana el teu pressupost.\" \/>\n<meta property=\"og:url\" content=\"https:\/\/pintormallorca.es\/ca\/lacar-portes-en-blanc\/\" \/>\n<meta property=\"og:site_name\" content=\"Pinturas y lacados Toni Planas\" \/>\n<meta property=\"article:published_time\" content=\"2026-06-10T10:24:32+00:00\" \/>\n<meta property=\"article:modified_time\" content=\"2026-08-14T10:05:37+00:00\" \/>\n<meta property=\"og:image\" content=\"https:\/\/pintormallorca.es\/wp-content\/uploads\/2026\/06\/lacar-puertas-en-blanco-en-mallorca.jpg\" \/>\n\t<meta property=\"og:image:width\" content=\"1080\" \/>\n\t<meta property=\"og:image:height\" content=\"1350\" \/>\n\t<meta property=\"og:image:type\" content=\"image\/jpeg\" \/>\n<meta name=\"author\" content=\"jaume\" \/>\n<meta name=\"twitter:card\" content=\"summary_large_image\" \/>\n<meta name=\"twitter:label1\" content=\"Escrit per\" \/>\n\t<meta name=\"twitter:data1\" content=\"jaume\" \/>\n\t<meta name=\"twitter:label2\" content=\"Temps estimat de lectura\" \/>\n\t<meta name=\"twitter:data2\" content=\"6 minuts\" \/>\n<script type=\"application\/ld+json\" class=\"yoast-schema-graph\">{\"@context\":\"https:\/\/schema.org\",\"@graph\":[{\"@type\":\"WebPage\",\"@id\":\"https:\/\/pintormallorca.es\/ca\/lacar-portes-en-blanc\/\",\"url\":\"https:\/\/pintormallorca.es\/ca\/lacar-portes-en-blanc\/\",\"name\":\"Lacar portes en blanc a Mallorca | Preu, terminis i consells | Blog\",\"isPartOf\":{\"@id\":\"https:\/\/pintormallorca.es\/#website\"},\"primaryImageOfPage\":{\"@id\":\"https:\/\/pintormallorca.es\/ca\/lacar-portes-en-blanc\/#primaryimage\"},\"image\":{\"@id\":\"https:\/\/pintormallorca.es\/ca\/lacar-portes-en-blanc\/#primaryimage\"},\"thumbnailUrl\":\"https:\/\/pintormallorca.es\/wp-content\/uploads\/2026\/06\/lacar-puertas-en-blanco-en-mallorca.jpg\",\"datePublished\":\"2026-06-10T10:24:32+00:00\",\"dateModified\":\"2026-08-14T10:05:37+00:00\",\"author\":{\"@id\":\"https:\/\/pintormallorca.es\/#\/schema\/person\/83e647d782d0780a847e4fda9d06430e\"},\"description\":\"Lacar portes en blanc a Mallorca: acabat llis i resistent aplicat en cabina. Renova portes i armaris vells sense canviar-los. Demana el teu pressupost.\",\"breadcrumb\":{\"@id\":\"https:\/\/pintormallorca.es\/ca\/lacar-portes-en-blanc\/#breadcrumb\"},\"inLanguage\":\"ca\",\"potentialAction\":[{\"@type\":\"ReadAction\",\"target\":[\"https:\/\/pintormallorca.es\/ca\/lacar-portes-en-blanc\/\"]}]},{\"@type\":\"ImageObject\",\"inLanguage\":\"ca\",\"@id\":\"https:\/\/pintormallorca.es\/ca\/lacar-portes-en-blanc\/#primaryimage\",\"url\":\"https:\/\/pintormallorca.es\/wp-content\/uploads\/2026\/06\/lacar-puertas-en-blanco-en-mallorca.jpg\",\"contentUrl\":\"https:\/\/pintormallorca.es\/wp-content\/uploads\/2026\/06\/lacar-puertas-en-blanco-en-mallorca.jpg\",\"width\":1080,\"height\":1350,\"caption\":\"lacar puertas en blanco en mallorca taller\"},{\"@type\":\"BreadcrumbList\",\"@id\":\"https:\/\/pintormallorca.es\/ca\/lacar-portes-en-blanc\/#breadcrumb\",\"itemListElement\":[{\"@type\":\"ListItem\",\"position\":1,\"name\":\"Portada\",\"item\":\"https:\/\/pintormallorca.es\/ca\/\"},{\"@type\":\"ListItem\",\"position\":2,\"name\":\"Lacar portes en blanc a Mallorca: preu, terminis i qu\u00e8 has de saber abans de decidir-te\"}]},{\"@type\":\"WebSite\",\"@id\":\"https:\/\/pintormallorca.es\/#website\",\"url\":\"https:\/\/pintormallorca.es\/\",\"name\":\"Pinturas y lacados Toni Planas\",\"description\":\"Pintor Mallorca\",\"potentialAction\":[{\"@type\":\"SearchAction\",\"target\":{\"@type\":\"EntryPoint\",\"urlTemplate\":\"https:\/\/pintormallorca.es\/?s={search_term_string}\"},\"query-input\":{\"@type\":\"PropertyValueSpecification\",\"valueRequired\":true,\"valueName\":\"search_term_string\"}}],\"inLanguage\":\"ca\"},{\"@type\":\"Person\",\"@id\":\"https:\/\/pintormallorca.es\/#\/schema\/person\/83e647d782d0780a847e4fda9d06430e\",\"name\":\"jaume\",\"image\":{\"@type\":\"ImageObject\",\"inLanguage\":\"ca\",\"@id\":\"https:\/\/pintormallorca.es\/#\/schema\/person\/image\/\",\"url\":\"https:\/\/secure.gravatar.com\/avatar\/19d7d7a2fa30cb2610194589853bb0e30399b53150df754858f68d41d4f5d4e5?s=96&d=mm&r=g\",\"contentUrl\":\"https:\/\/secure.gravatar.com\/avatar\/19d7d7a2fa30cb2610194589853bb0e30399b53150df754858f68d41d4f5d4e5?s=96&d=mm&r=g\",\"caption\":\"jaume\"}}]}<\/script>\n<!-- \/ Yoast SEO plugin. -->","yoast_head_json":{"title":"Lacar portes en blanc a Mallorca | Preu, terminis i consells | Blog","description":"Lacar portes en blanc a Mallorca: acabat llis i resistent aplicat en cabina. Renova portes i armaris vells sense canviar-los. Demana el teu pressupost.","robots":{"index":"index","follow":"follow","max-snippet":"max-snippet:-1","max-image-preview":"max-image-preview:large","max-video-preview":"max-video-preview:-1"},"canonical":"https:\/\/pintormallorca.es\/ca\/lacar-portes-en-blanc\/","og_locale":"ca_ES","og_type":"article","og_title":"Lacar portes en blanc a Mallorca | Preu, terminis i consells | Blog","og_description":"Lacar portes en blanc a Mallorca: acabat llis i resistent aplicat en cabina. Renova portes i armaris vells sense canviar-los. Demana el teu pressupost.","og_url":"https:\/\/pintormallorca.es\/ca\/lacar-portes-en-blanc\/","og_site_name":"Pinturas y lacados Toni Planas","article_published_time":"2026-06-10T10:24:32+00:00","article_modified_time":"2026-08-14T10:05:37+00:00","og_image":[{"width":1080,"height":1350,"url":"https:\/\/pintormallorca.es\/wp-content\/uploads\/2026\/06\/lacar-puertas-en-blanco-en-mallorca.jpg","type":"image\/jpeg"}],"author":"jaume","twitter_card":"summary_large_image","twitter_misc":{"Escrit per":"jaume","Temps estimat de lectura":"6 minuts"},"schema":{"@context":"https:\/\/schema.org","@graph":[{"@type":"WebPage","@id":"https:\/\/pintormallorca.es\/ca\/lacar-portes-en-blanc\/","url":"https:\/\/pintormallorca.es\/ca\/lacar-portes-en-blanc\/","name":"Lacar portes en blanc a Mallorca | Preu, terminis i consells | Blog","isPartOf":{"@id":"https:\/\/pintormallorca.es\/#website"},"primaryImageOfPage":{"@id":"https:\/\/pintormallorca.es\/ca\/lacar-portes-en-blanc\/#primaryimage"},"image":{"@id":"https:\/\/pintormallorca.es\/ca\/lacar-portes-en-blanc\/#primaryimage"},"thumbnailUrl":"https:\/\/pintormallorca.es\/wp-content\/uploads\/2026\/06\/lacar-puertas-en-blanco-en-mallorca.jpg","datePublished":"2026-06-10T10:24:32+00:00","dateModified":"2026-08-14T10:05:37+00:00","author":{"@id":"https:\/\/pintormallorca.es\/#\/schema\/person\/83e647d782d0780a847e4fda9d06430e"},"description":"Lacar portes en blanc a Mallorca: acabat llis i resistent aplicat en cabina. Renova portes i armaris vells sense canviar-los. Demana el teu pressupost.","breadcrumb":{"@id":"https:\/\/pintormallorca.es\/ca\/lacar-portes-en-blanc\/#breadcrumb"},"inLanguage":"ca","potentialAction":[{"@type":"ReadAction","target":["https:\/\/pintormallorca.es\/ca\/lacar-portes-en-blanc\/"]}]},{"@type":"ImageObject","inLanguage":"ca","@id":"https:\/\/pintormallorca.es\/ca\/lacar-portes-en-blanc\/#primaryimage","url":"https:\/\/pintormallorca.es\/wp-content\/uploads\/2026\/06\/lacar-puertas-en-blanco-en-mallorca.jpg","contentUrl":"https:\/\/pintormallorca.es\/wp-content\/uploads\/2026\/06\/lacar-puertas-en-blanco-en-mallorca.jpg","width":1080,"height":1350,"caption":"lacar puertas en blanco en mallorca taller"},{"@type":"BreadcrumbList","@id":"https:\/\/pintormallorca.es\/ca\/lacar-portes-en-blanc\/#breadcrumb","itemListElement":[{"@type":"ListItem","position":1,"name":"Portada","item":"https:\/\/pintormallorca.es\/ca\/"},{"@type":"ListItem","position":2,"name":"Lacar portes en blanc a Mallorca: preu, terminis i qu\u00e8 has de saber abans de decidir-te"}]},{"@type":"WebSite","@id":"https:\/\/pintormallorca.es\/#website","url":"https:\/\/pintormallorca.es\/","name":"Pinturas y lacados Toni Planas","description":"Pintor Mallorca","potentialAction":[{"@type":"SearchAction","target":{"@type":"EntryPoint","urlTemplate":"https:\/\/pintormallorca.es\/?s={search_term_string}"},"query-input":{"@type":"PropertyValueSpecification","valueRequired":true,"valueName":"search_term_string"}}],"inLanguage":"ca"},{"@type":"Person","@id":"https:\/\/pintormallorca.es\/#\/schema\/person\/83e647d782d0780a847e4fda9d06430e","name":"jaume","image":{"@type":"ImageObject","inLanguage":"ca","@id":"https:\/\/pintormallorca.es\/#\/schema\/person\/image\/","url":"https:\/\/secure.gravatar.com\/avatar\/19d7d7a2fa30cb2610194589853bb0e30399b53150df754858f68d41d4f5d4e5?s=96&d=mm&r=g","contentUrl":"https:\/\/secure.gravatar.com\/avatar\/19d7d7a2fa30cb2610194589853bb0e30399b53150df754858f68d41d4f5d4e5?s=96&d=mm&r=g","caption":"jaume"}}]}},"_links":{"self":[{"href":"https:\/\/pintormallorca.es\/ca\/wp-json\/wp\/v2\/posts\/20050","targetHints":{"allow":["GET"]}}],"collection":[{"href":"https:\/\/pintormallorca.es\/ca\/wp-json\/wp\/v2\/posts"}],"about":[{"href":"https:\/\/pintormallorca.es\/ca\/wp-json\/wp\/v2\/types\/post"}],"author":[{"embeddable":true,"href":"https:\/\/pintormallorca.es\/ca\/wp-json\/wp\/v2\/users\/9"}],"replies":[{"embeddable":true,"href":"https:\/\/pintormallorca.es\/ca\/wp-json\/wp\/v2\/comments?post=20050"}],"version-history":[{"count":1,"href":"https:\/\/pintormallorca.es\/ca\/wp-json\/wp\/v2\/posts\/20050\/revisions"}],"predecessor-version":[{"id":20051,"href":"https:\/\/pintormallorca.es\/ca\/wp-json\/wp\/v2\/posts\/20050\/revisions\/20051"}],"wp:featuredmedia":[{"embeddable":true,"href":"https:\/\/pintormallorca.es\/ca\/wp-json\/wp\/v2\/media\/20041"}],"wp:attachment":[{"href":"https:\/\/pintormallorca.es\/ca\/wp-json\/wp\/v2\/media?parent=20050"}],"wp:term":[{"taxonomy":"category","embeddable":true,"href":"https:\/\/pintormallorca.es\/ca\/wp-json\/wp\/v2\/categories?post=20050"},{"taxonomy":"post_tag","embeddable":true,"href":"https:\/\/pintormallorca.es\/ca\/wp-json\/wp\/v2\/tags?post=20050"}],"curies":[{"name":"wp","href":"https:\/\/api.w.org\/{rel}","templated":true}]}}