{"id":20070,"date":"2026-07-06T08:49:16","date_gmt":"2026-07-06T06:49:16","guid":{"rendered":"https:\/\/pintormallorca.es\/?p=20070"},"modified":"2026-07-06T09:06:55","modified_gmt":"2026-07-06T07:06:55","slug":"pintar-comunitat-propietaris","status":"publish","type":"post","link":"https:\/\/pintormallorca.es\/ca\/pintar-comunitat-propietaris\/","title":{"rendered":"Pintar una comunitat de propietaris a Mallorca: permisos, terminis i manteniment"},"content":{"rendered":"<div class=\"fusion-fullwidth fullwidth-box fusion-builder-row-1 fusion-flex-container has-pattern-background has-mask-background nonhundred-percent-fullwidth non-hundred-percent-height-scrolling\" style=\"--awb-border-radius-top-left:0px;--awb-border-radius-top-right:0px;--awb-border-radius-bottom-right:0px;--awb-border-radius-bottom-left:0px;--awb-flex-wrap:wrap;\" ><div class=\"fusion-builder-row fusion-row fusion-flex-align-items-flex-start fusion-flex-content-wrap\" style=\"max-width:1248px;margin-left: calc(-4% \/ 2 );margin-right: calc(-4% \/ 2 );\"><div class=\"fusion-layout-column fusion_builder_column fusion-builder-column-0 fusion_builder_column_1_1 1_1 fusion-flex-column\" style=\"--awb-bg-size:cover;--awb-width-large:100%;--awb-margin-top-large:0px;--awb-spacing-right-large:1.92%;--awb-margin-bottom-large:20px;--awb-spacing-left-large:1.92%;--awb-width-medium:100%;--awb-order-medium:0;--awb-spacing-right-medium:1.92%;--awb-spacing-left-medium:1.92%;--awb-width-small:100%;--awb-order-small:0;--awb-spacing-right-small:1.92%;--awb-spacing-left-small:1.92%;\"><div class=\"fusion-column-wrapper fusion-column-has-shadow fusion-flex-justify-content-flex-start fusion-content-layout-column\"><div class=\"fusion-text fusion-text-1\"><section class=\"\" data-writing-block=\"\">\n<div class=\"text-base my-auto mx-auto pb-10 &#091;--thread-content-margin:var(--thread-content-margin-xs,calc(var(--spacing)*4))&#093; @w-sm\/main:&#091;--thread-content-margin:var(--thread-content-margin-sm,calc(var(--spacing)*6))&#093; @w-lg\/main:&#091;--thread-content-margin:var(--thread-content-margin-lg,calc(var(--spacing)*16))&#093; px-(--thread-content-margin)\">\n<div class=\"&#091;--thread-content-max-width:40rem&#093; @w-lg\/main:&#091;--thread-content-max-width:48rem&#093; mx-auto max-w-(--thread-content-max-width) flex-1 group\/turn-messages focus-visible:outline-hidden relative flex w-full min-w-0 flex-col agent-turn\">\n<div class=\"flex max-w-full flex-col gap-4 grow\">\n<div class=\"min-h-8 text-message relative flex w-full flex-col items-end gap-2 text-start break-words whitespace-normal outline-none keyboard-focused:focus-ring &#091;.text-message+&amp;&#093;:mt-1\" dir=\"auto\" tabindex=\"0\" data-message-author-role=\"assistant\" data-message-id=\"87d53a0d-2441-417b-8664-ac8881d353f0\" data-message-model-slug=\"gpt-5-5\" data-turn-start-message=\"true\">\n<div class=\"flex w-full flex-col gap-1 empty:hidden\">\n<div class=\"markdown prose dark:prose-invert w-full wrap-break-word light markdown-new-styling\">\n<p class=\"PDq2pG_selectionAnchorContainer\" data-start=\"163\" data-end=\"391\">Pintar una comunitat de propietaris a Mallorca no \u00e9s nom\u00e9s millorar la imatge de l\u2019edifici. En una fa\u00e7ana comunit\u00e0ria, la pintura tamb\u00e9 compleix una funci\u00f3 de protecci\u00f3 davant el sol, la humitat, la salinitat i el pas del temps.<\/p>\n<p data-start=\"393\" data-end=\"748\">Per aix\u00f2, abans d\u2019aprovar un pressupost conv\u00e9 valorar b\u00e9 l\u2019estat real de la fa\u00e7ana, els permisos necessaris, el sistema d\u2019acc\u00e9s m\u00e9s adequat i els terminis d\u2019execuci\u00f3. No \u00e9s el mateix pintar una petita comunitat de pocs ve\u00efns que intervenir en un edifici alt, una finca prop de la mar o una fa\u00e7ana amb esquerdes, escrostonats o zones afectades per humitat.<\/p>\n<p data-start=\"750\" data-end=\"984\">En comunitats de propietaris, a m\u00e9s, la planificaci\u00f3 \u00e9s especialment important. S\u2019han de coordinar ve\u00efns, accessos, maquin\u00e0ria, permisos i seguretat, evitant improvisacions que puguin allargar l\u2019obra o generar mol\u00e8sties innecess\u00e0ries.<\/p>\n<h2 data-section-id=\"18gx910\" data-start=\"986\" data-end=\"1046\"><strong>Quan conv\u00e9 pintar una comunitat de propietaris a Mallorca<\/strong><\/h2>\n<p data-start=\"1048\" data-end=\"1250\">Moltes comunitats esperen que la fa\u00e7ana estigui molt deteriorada abans de plantejar-se pintar-la. Tanmateix, actuar abans que el problema avanci sol ser m\u00e9s econ\u00f2mic i permet conservar millor l\u2019edifici.<\/p>\n<p data-start=\"1252\" data-end=\"1510\">La p\u00e8rdua de color, els escrostonats, les fissures, les taques d\u2019humitat o el desgast desigual s\u00f3n senyals clars que la fa\u00e7ana necessita una revisi\u00f3. A Mallorca, aquests s\u00edmptomes poden apar\u00e8ixer abans en edificis exposats al sol, al vent o a l\u2019ambient mar\u00ed.<\/p>\n<p data-start=\"1512\" data-end=\"1764\">A les zones costaneres, la salinitat accelera el deteriorament de pintures, baranes, fusteries, persianes i altres elements exteriors. En edificis antics, a m\u00e9s, poden apar\u00e8ixer suports irregulars o zones on la pintura anterior ja no est\u00e0 ben adherida.<\/p>\n<p data-start=\"1766\" data-end=\"1890\">Per aix\u00f2, abans de pintar una comunitat, el primer pas hauria de ser sempre revisar el suport i no limitar-se a triar color.<\/p>\n<h2 data-section-id=\"wotoxj\" data-start=\"1892\" data-end=\"1937\"><strong>Permisos per pintar una fa\u00e7ana comunit\u00e0ria<\/strong><\/h2>\n<p data-start=\"1939\" data-end=\"2032\">Un dels dubtes m\u00e9s habituals \u00e9s si fa falta demanar perm\u00eds per pintar una fa\u00e7ana comunit\u00e0ria.<\/p>\n<p data-start=\"2034\" data-end=\"2379\">La resposta dep\u00e8n del tipus d\u2019intervenci\u00f3. Si la comunitat nom\u00e9s repintar\u00e0 la fa\u00e7ana mantenint el mateix color i sense ocupar via p\u00fablica, la tramitaci\u00f3 sol ser m\u00e9s senzilla. En canvi, si es canvia el color, es treballa en una zona protegida o cal col\u00b7locar bastida, plataforma o elevador al carrer, pot ser necessari sol\u00b7licitar autoritzacions.<\/p>\n<h3 data-section-id=\"1883x2b\" data-start=\"2381\" data-end=\"2427\"><strong>Ocupaci\u00f3 de via p\u00fablica i zones protegides<\/strong><\/h3>\n<p data-start=\"2429\" data-end=\"2646\">Quan el treball requereix ocupar part del carrer, \u00e9s important preveure la gesti\u00f3 amb antelaci\u00f3. Aix\u00f2 afecta especialment edificis situats en carrers estrets, zones urbanes o comunitats sense acc\u00e9s interior suficient.<\/p>\n<p data-start=\"2648\" data-end=\"2813\">Tamb\u00e9 s\u2019ha de tenir especial cura en cascos antics o edificis amb algun nivell de protecci\u00f3, on poden existir limitacions sobre colors, acabats o materials permesos.<\/p>\n<p data-start=\"2815\" data-end=\"3029\">A Pintures i Lacats Toni Planas, quan la intervenci\u00f3 ho requereix, es gestiona la tramitaci\u00f3 necess\u00e0ria i se sol\u00b7licita a la comunitat la documentaci\u00f3 imprescindible per poder avan\u00e7ar amb el projecte sense retards.<\/p>\n<h2 data-section-id=\"yk59qu\" data-start=\"3031\" data-end=\"3090\"><strong>Qu\u00e8 ha d\u2019incloure un pressupost per pintar una comunitat<\/strong><\/h2>\n<p data-start=\"3092\" data-end=\"3198\">Un pressupost professional per pintar una comunitat no s\u2019hauria de limitar a metres quadrats i preu final.<\/p>\n<p data-start=\"3200\" data-end=\"3449\">Ha d\u2019explicar amb claredat quins treballs s\u2019inclouen: preparaci\u00f3 del suport, reparaci\u00f3 d\u2019esquerdes o zones despreses, tipus de revestiment, nombre de mans, sistema d\u2019acc\u00e9s, protecci\u00f3 de zones comunes, neteja final i gesti\u00f3 de permisos, si correspon.<\/p>\n<p data-start=\"3451\" data-end=\"3729\">Aquest punt \u00e9s important perqu\u00e8 dos pressupostos aparentment similars poden amagar difer\u00e8ncies importants. Una empresa pot estar contemplant nom\u00e9s l\u2019aplicaci\u00f3 de pintura, mentre que una altra pot incloure sanejament, imprimacions, reparacions pr\u00e8vies i una soluci\u00f3 m\u00e9s duradora.<\/p>\n<p data-start=\"3731\" data-end=\"3927\">En fa\u00e7anes comunit\u00e0ries, bona part de la qualitat del resultat \u00e9s en all\u00f2 que no es veu en acabar: com s\u2019ha preparat el suport, quin producte s\u2019ha triat i si s\u2019han respectat els temps d\u2019aplicaci\u00f3.<\/p>\n<h2 data-section-id=\"1heye6t\" data-start=\"3929\" data-end=\"3971\"><strong>Preparaci\u00f3 de la fa\u00e7ana abans de pintar<\/strong><\/h2>\n<p data-start=\"3973\" data-end=\"4089\">Pintar sobre una fa\u00e7ana deteriorada pot millorar-ne l\u2019aspecte durant un temps, per\u00f2 no resoldr\u00e0 el problema de fons.<\/p>\n<p data-start=\"4091\" data-end=\"4330\">Abans d\u2019aplicar pintura pot ser necessari sanejar zones despreses, reparar fissures, eliminar restes de pintura mal adherida, netejar superf\u00edcies o tractar humitats. Si hi ha desperfectes d\u2019obra, tamb\u00e9 conv\u00e9 solucionar-los abans de pintar.<\/p>\n<p data-start=\"4332\" data-end=\"4593\">Aquest \u00e9s un dels punts on l\u2019experi\u00e8ncia marca la difer\u00e8ncia. En comunitats de propietaris, una mala preparaci\u00f3 pot provocar que la pintura s\u2019aixequi abans d\u2019hora, que reapareguin taques o que les esquerdes tornin a ser visibles poc despr\u00e9s d\u2019acabar el treball.<\/p>\n<p data-start=\"4595\" data-end=\"4731\">A Toni Planas es valora pr\u00e8viament l\u2019estat de la fa\u00e7ana per decidir quin sistema aplicar i quines reparacions conv\u00e9 fer abans de pintar.<\/p>\n<h2 data-section-id=\"5xydyb\" data-start=\"4733\" data-end=\"4796\"><strong>Quina pintura utilitzar en una comunitat de ve\u00efns a Mallorca<\/strong><\/h2>\n<p data-start=\"4798\" data-end=\"5009\">No totes les pintures exteriors funcionen igual. A Mallorca, l\u2019elecci\u00f3 del producte ha de tenir en compte l\u2019orientaci\u00f3 de l\u2019edifici, la proximitat a la mar, la humitat, el tipus de suport i l\u2019estat de la fa\u00e7ana.<\/p>\n<p data-start=\"5011\" data-end=\"5274\">En molts casos s\u00f3n recomanables sistemes transpirables, especialment quan el mur necessita evacuar humitat. Les pintures al silicat poden funcionar b\u00e9 en determinats edificis perqu\u00e8 permeten la transpiraci\u00f3 del suport i ofereixen un bon comportament en exteriors.<\/p>\n<p data-start=\"5276\" data-end=\"5545\">En altres fa\u00e7anes pot ser m\u00e9s adequat utilitzar revestiments impermeables o sistemes espec\u00edfics per a suports molt exposats. La decisi\u00f3 no s\u2019hauria de basar nom\u00e9s en el color o en el preu de la pintura, sin\u00f3 en la compatibilitat amb l\u2019edifici i la durabilitat esperada.<\/p>\n<h2 data-section-id=\"17dicro\" data-start=\"5547\" data-end=\"5598\"><strong>Terminis per pintar una comunitat de propietaris<\/strong><\/h2>\n<p data-start=\"5600\" data-end=\"5709\">El termini dep\u00e8n de la mida de l\u2019edifici, l\u2019altura, l\u2019accessibilitat, l\u2019estat de la fa\u00e7ana i la climatologia.<\/p>\n<p data-start=\"5711\" data-end=\"5931\">Una comunitat petita, amb bon acc\u00e9s i pocs desperfectes, pot resoldre\u2019s en pocs dies. En canvi, un edifici alt, una fa\u00e7ana amb moltes reparacions o una finca amb patis interiors complicats pot requerir diverses setmanes.<\/p>\n<h3 data-section-id=\"1rqgwyc\" data-start=\"5933\" data-end=\"5975\"><strong>Organitzaci\u00f3 del treball amb els ve\u00efnats<\/strong><\/h3>\n<p data-start=\"5977\" data-end=\"6221\">En una comunitat habitada, una bona planificaci\u00f3 evita molts problemes. Conv\u00e9 informar els ve\u00efns de les zones on es treballar\u00e0, els dies previstos, si han de retirar objectes de balcons o terrasses i quins espais comuns es poden veure afectats.<\/p>\n<p data-start=\"6223\" data-end=\"6465\">Tamb\u00e9 s\u2019ha de tenir en compte la meteorologia. Tot i que a Mallorca es pot treballar en exteriors durant bona part de l\u2019any, la pluja, el vent fort, la humitat elevada o l\u2019exc\u00e9s de sol poden condicionar l\u2019aplicaci\u00f3 i l\u2019assecat dels productes.<\/p>\n<p data-start=\"6467\" data-end=\"6531\">Per aix\u00f2, un termini realista sempre ha de deixar un cert marge.<\/p>\n<h2 data-section-id=\"1jny9cs\" data-start=\"6533\" data-end=\"6576\"><strong>Elevadors, bastides i treballs verticals<\/strong><\/h2>\n<p data-start=\"6578\" data-end=\"6798\">Cada comunitat requereix un sistema d\u2019acc\u00e9s diferent. En alguns edificis n\u2019hi ha prou amb una plataforma elevadora. En altres pot ser necessari muntar una bastida o utilitzar treballs verticals en zones de dif\u00edcil acc\u00e9s.<\/p>\n<p data-start=\"6800\" data-end=\"7071\">Pintures i Lacats Toni Planas treballa amb elevadors per a petites i grans altures, i tamb\u00e9 pot intervenir mitjan\u00e7ant equips de cordes quan l\u2019edifici ho requereix. Aquesta capacitat permet adaptar el sistema de treball a cada comunitat sense dependre d\u2019una \u00fanica soluci\u00f3.<\/p>\n<p data-start=\"7073\" data-end=\"7248\">A m\u00e9s, en treballs de fa\u00e7ana la seguretat \u00e9s un punt cr\u00edtic. No nom\u00e9s per la protecci\u00f3 de l\u2019equip, sin\u00f3 tamb\u00e9 per la conviv\u00e8ncia amb ve\u00efns, vianants, vehicles i zones comunes.<\/p>\n<h2 data-section-id=\"4htgrg\" data-start=\"7250\" data-end=\"7304\"><strong>Manteniment de fa\u00e7anes en comunitats de propietaris<\/strong><\/h2>\n<p data-start=\"7306\" data-end=\"7403\">Una vegada pintada la fa\u00e7ana, el manteniment posterior ajuda a allargar la vida \u00fatil del treball.<\/p>\n<p data-start=\"7405\" data-end=\"7588\">No es tracta d\u2019intervenir cada any, sin\u00f3 de revisar peri\u00f2dicament punts sensibles: fissures, juntes, zones amb humitat, baranes, persianes, fusteries o parts exposades a la salinitat.<\/p>\n<p data-start=\"7590\" data-end=\"7813\">En edificis propers a la mar, aquesta revisi\u00f3 cobra encara m\u00e9s import\u00e0ncia. L\u2019ambient mar\u00ed pot afectar tant la pintura com altres materials exteriors, per la qual cosa detectar petits danys a temps evita reparacions majors.<\/p>\n<p data-start=\"7815\" data-end=\"7925\">Una fa\u00e7ana ben mantinguda conserva millor la imatge de l\u2019edifici i redueix la necessitat d\u2019actuacions urgents.<\/p>\n<h2 data-section-id=\"14ez58d\" data-start=\"7927\" data-end=\"7974\"><strong>Pintors per a comunitats de ve\u00efnats a Mallorca<\/strong><\/h2>\n<p data-start=\"7976\" data-end=\"8220\">Pintar una comunitat no \u00e9s comparable a pintar un habitatge particular. Requereix planificaci\u00f3, mitjans t\u00e8cnics, experi\u00e8ncia en fa\u00e7anes, coordinaci\u00f3 amb administradors o presidents de comunitat i capacitat per treballar amb seguretat en altura.<\/p>\n<p data-start=\"8222\" data-end=\"8624\">Pintures i Lacats Toni Planas compta amb m\u00e9s de 30 anys d\u2019experi\u00e8ncia a Mallorca, un equip ampli i mitjans t\u00e8cnics per intervenir en comunitats de propietaris, fa\u00e7anes, patis interiors i zones comunes. A m\u00e9s de pintura exterior, l\u2019empresa pot coordinar petites reparacions, treballs en altura, tractaments de fusta, impermeabilitzacions i altres actuacions relacionades amb el manteniment de l\u2019edifici.<\/p>\n<p data-start=\"8626\" data-end=\"8808\">En una comunitat, triar b\u00e9 l\u2019empresa no nom\u00e9s influeix en l\u2019acabat final. Tamb\u00e9 afecta els terminis, l\u2019organitzaci\u00f3, la seguretat i la tranquil\u00b7litat dels ve\u00efns durant tot el proc\u00e9s.<\/p>\n<h2 data-section-id=\"11gad0f\" data-start=\"8810\" data-end=\"8855\"><strong>Pintar una comunitat \u00e9s protegir l\u2019edifici<\/strong><\/h2>\n<p data-start=\"8857\" data-end=\"9012\">Quan una comunitat decideix pintar la seva fa\u00e7ana, no nom\u00e9s est\u00e0 renovant l\u2019aparen\u00e7a de l\u2019immoble. Tamb\u00e9 est\u00e0 protegint un dels seus elements m\u00e9s exposats.<\/p>\n<p data-start=\"9014\" data-end=\"9167\">A Mallorca, on el clima t\u00e9 un impacte directe sobre els edificis, pintar a temps pot evitar problemes majors i conservar millor el valor de la propietat.<\/p>\n<p data-start=\"9169\" data-end=\"9362\">Per aix\u00f2, abans de decidir, conv\u00e9 revisar l\u2019estat de la fa\u00e7ana, resoldre dubtes sobre permisos, triar productes adequats i treballar amb professionals acostumats a aquest tipus d\u2019intervencions.<\/p>\n<h2 data-section-id=\"1su5t7m\" data-start=\"9364\" data-end=\"9439\"><strong>Preguntes freq\u00fcents sobre pintar una comunitat de propietaris a Mallorca<\/strong><\/h2>\n<h3 data-section-id=\"ff4ava\" data-start=\"9441\" data-end=\"9501\"><strong>Fa falta perm\u00eds per pintar una comunitat de ve\u00efnats?<\/strong><\/h3>\n<p data-start=\"9503\" data-end=\"9720\">Dep\u00e8n del tipus d\u2019actuaci\u00f3. Si es mant\u00e9 el mateix color i no s\u2019ocupa la via p\u00fablica, sol ser m\u00e9s senzill. Si s\u2019utilitzen bastides, plataformes o es canvia el color de la fa\u00e7ana, pot ser necessari sol\u00b7licitar permisos.<\/p>\n<h3 data-section-id=\"11lfcwb\" data-start=\"9722\" data-end=\"9764\"><strong>Quant es tarda a pintar una comunitat?<\/strong><\/h3>\n<p data-start=\"9766\" data-end=\"9992\">Dep\u00e8n de la mida de l\u2019edifici, l\u2019estat de la fa\u00e7ana, l\u2019accessibilitat i la climatologia. Una comunitat petita pot resoldre\u2019s en pocs dies, mentre que edificis grans o amb reparacions pr\u00e8vies poden necessitar diverses setmanes.<\/p>\n<h3 data-section-id=\"wjw9nm\" data-start=\"9994\" data-end=\"10059\"><strong>Qu\u00e8 ha de revisar la comunitat abans d\u2019aprovar el pressupost?<\/strong><\/h3>\n<p data-start=\"10061\" data-end=\"10232\">Conv\u00e9 revisar si el pressupost inclou preparaci\u00f3 del suport, reparaci\u00f3 d\u2019esquerdes, tipus de pintura, sistema d\u2019acc\u00e9s, protecci\u00f3 de zones comunes, permisos i neteja final.<\/p>\n<h3 data-section-id=\"kujq36\" data-start=\"10234\" data-end=\"10285\"><strong>Qu\u00e8 passa si la fa\u00e7ana t\u00e9 esquerdes o humitats?<\/strong><\/h3>\n<p data-start=\"10287\" data-end=\"10458\">Abans de pintar conv\u00e9 sanejar i reparar el suport. Pintar directament sobre esquerdes, escrostonats o humitats pot ocultar el problema temporalment, per\u00f2 no solucionar-lo.<\/p>\n<h3 data-section-id=\"zb62l7\" data-start=\"10460\" data-end=\"10512\"><strong>Es poden pintar patis interiors i zones comunes?<\/strong><\/h3>\n<p data-start=\"10514\" data-end=\"10659\">S\u00ed. A m\u00e9s de fa\u00e7anes exteriors, moltes comunitats aprofiten per pintar patis interiors, escales, replans, garatges, murs, baranes o zones de pas.<\/p>\n<h3 data-section-id=\"gphwmj\" data-start=\"10661\" data-end=\"10737\"><strong>Quin tipus de pintura \u00e9s millor per a una fa\u00e7ana comunit\u00e0ria a Mallorca?<\/strong><\/h3>\n<p data-start=\"10739\" data-end=\"10950\" data-is-last-node=\"\" data-is-only-node=\"\">Dep\u00e8n del suport i de l\u2019exposici\u00f3 de l\u2019edifici. En molts casos es recomanen sistemes transpirables o revestiments espec\u00edfics per a exteriors, especialment en zones amb humitat, salinitat o forta exposici\u00f3 solar.<\/p>\n<p data-start=\"1781\" data-end=\"2067\" data-is-last-node=\"\" data-is-only-node=\"\">\n<\/div>\n<\/div>\n<\/div>\n<\/div>\n<\/div>\n<\/div>\n<\/section>\n<p><img decoding=\"async\" class=\"alignnone wp-image-20062 size-full\" src=\"https:\/\/pintormallorca.es\/wp-content\/uploads\/2026\/07\/pintar-comunidades-de-propietarios-en-mallorca.jpg\" alt=\"pintar comunidad de propietarios en mallorca\" width=\"1200\" height=\"800\" srcset=\"https:\/\/pintormallorca.es\/wp-content\/uploads\/2026\/07\/pintar-comunidades-de-propietarios-en-mallorca-200x133.jpg 200w, https:\/\/pintormallorca.es\/wp-content\/uploads\/2026\/07\/pintar-comunidades-de-propietarios-en-mallorca-400x267.jpg 400w, https:\/\/pintormallorca.es\/wp-content\/uploads\/2026\/07\/pintar-comunidades-de-propietarios-en-mallorca-600x400.jpg 600w, https:\/\/pintormallorca.es\/wp-content\/uploads\/2026\/07\/pintar-comunidades-de-propietarios-en-mallorca-768x512.jpg 768w, https:\/\/pintormallorca.es\/wp-content\/uploads\/2026\/07\/pintar-comunidades-de-propietarios-en-mallorca-800x533.jpg 800w, https:\/\/pintormallorca.es\/wp-content\/uploads\/2026\/07\/pintar-comunidades-de-propietarios-en-mallorca.jpg 1200w\" sizes=\"(max-width: 1200px) 100vw, 1200px\" \/><\/p>\n<\/div><\/div><\/div><\/div><\/div>\n","protected":false},"excerpt":{"rendered":"","protected":false},"author":9,"featured_media":20066,"comment_status":"closed","ping_status":"closed","sticky":false,"template":"","format":"standard","meta":{"footnotes":""},"categories":[265],"tags":[],"class_list":["post-20070","post","type-post","status-publish","format-standard","has-post-thumbnail","hentry","category-noticies"],"yoast_head":"<!-- This site is optimized with the Yoast SEO plugin v26.0 - https:\/\/yoast.com\/wordpress\/plugins\/seo\/ -->\n<title>Pintar una comunitat a Mallorca: permisos i terminis | Blog<\/title>\n<meta name=\"description\" content=\"Guia per pintar una comunitat de propietaris: permisos, terminis, fa\u00e7anes, elevadors, manteniment i claus abans de demanar pressupost\" \/>\n<meta name=\"robots\" content=\"index, follow, max-snippet:-1, max-image-preview:large, max-video-preview:-1\" \/>\n<link rel=\"canonical\" href=\"https:\/\/pintormallorca.es\/ca\/pintar-comunitat-propietaris\/\" \/>\n<meta property=\"og:locale\" content=\"ca_ES\" \/>\n<meta property=\"og:type\" content=\"article\" \/>\n<meta property=\"og:title\" content=\"Pintar una comunitat a Mallorca: permisos i terminis | Blog\" \/>\n<meta property=\"og:description\" content=\"Guia per pintar una comunitat de propietaris: permisos, terminis, fa\u00e7anes, elevadors, manteniment i claus abans de demanar pressupost\" \/>\n<meta property=\"og:url\" content=\"https:\/\/pintormallorca.es\/ca\/pintar-comunitat-propietaris\/\" \/>\n<meta property=\"og:site_name\" content=\"Pinturas y lacados Toni Planas\" \/>\n<meta property=\"article:published_time\" content=\"2026-07-06T06:49:16+00:00\" \/>\n<meta property=\"article:modified_time\" content=\"2026-07-06T07:06:55+00:00\" \/>\n<meta property=\"og:image\" content=\"https:\/\/pintormallorca.es\/wp-content\/uploads\/2026\/07\/Pintar-una-comunidad-en-Mallorca.jpg\" \/>\n\t<meta property=\"og:image:width\" content=\"1080\" \/>\n\t<meta property=\"og:image:height\" content=\"1350\" \/>\n\t<meta property=\"og:image:type\" content=\"image\/jpeg\" \/>\n<meta name=\"author\" content=\"jaume\" \/>\n<meta name=\"twitter:card\" content=\"summary_large_image\" \/>\n<meta name=\"twitter:label1\" content=\"Escrit per\" \/>\n\t<meta name=\"twitter:data1\" content=\"jaume\" \/>\n\t<meta name=\"twitter:label2\" content=\"Temps estimat de lectura\" \/>\n\t<meta name=\"twitter:data2\" content=\"8 minuts\" \/>\n<script type=\"application\/ld+json\" class=\"yoast-schema-graph\">{\"@context\":\"https:\/\/schema.org\",\"@graph\":[{\"@type\":\"WebPage\",\"@id\":\"https:\/\/pintormallorca.es\/ca\/pintar-comunitat-propietaris\/\",\"url\":\"https:\/\/pintormallorca.es\/ca\/pintar-comunitat-propietaris\/\",\"name\":\"Pintar una comunitat a Mallorca: permisos i terminis | Blog\",\"isPartOf\":{\"@id\":\"https:\/\/pintormallorca.es\/#website\"},\"primaryImageOfPage\":{\"@id\":\"https:\/\/pintormallorca.es\/ca\/pintar-comunitat-propietaris\/#primaryimage\"},\"image\":{\"@id\":\"https:\/\/pintormallorca.es\/ca\/pintar-comunitat-propietaris\/#primaryimage\"},\"thumbnailUrl\":\"https:\/\/pintormallorca.es\/wp-content\/uploads\/2026\/07\/Pintar-una-comunidad-en-Mallorca.jpg\",\"datePublished\":\"2026-07-06T06:49:16+00:00\",\"dateModified\":\"2026-07-06T07:06:55+00:00\",\"author\":{\"@id\":\"https:\/\/pintormallorca.es\/#\/schema\/person\/83e647d782d0780a847e4fda9d06430e\"},\"description\":\"Guia per pintar una comunitat de propietaris: permisos, terminis, fa\u00e7anes, elevadors, manteniment i claus abans de demanar pressupost\",\"breadcrumb\":{\"@id\":\"https:\/\/pintormallorca.es\/ca\/pintar-comunitat-propietaris\/#breadcrumb\"},\"inLanguage\":\"ca\",\"potentialAction\":[{\"@type\":\"ReadAction\",\"target\":[\"https:\/\/pintormallorca.es\/ca\/pintar-comunitat-propietaris\/\"]}]},{\"@type\":\"ImageObject\",\"inLanguage\":\"ca\",\"@id\":\"https:\/\/pintormallorca.es\/ca\/pintar-comunitat-propietaris\/#primaryimage\",\"url\":\"https:\/\/pintormallorca.es\/wp-content\/uploads\/2026\/07\/Pintar-una-comunidad-en-Mallorca.jpg\",\"contentUrl\":\"https:\/\/pintormallorca.es\/wp-content\/uploads\/2026\/07\/Pintar-una-comunidad-en-Mallorca.jpg\",\"width\":1080,\"height\":1350,\"caption\":\"pintar comunidad de vecinos en palma\"},{\"@type\":\"BreadcrumbList\",\"@id\":\"https:\/\/pintormallorca.es\/ca\/pintar-comunitat-propietaris\/#breadcrumb\",\"itemListElement\":[{\"@type\":\"ListItem\",\"position\":1,\"name\":\"Portada\",\"item\":\"https:\/\/pintormallorca.es\/ca\/\"},{\"@type\":\"ListItem\",\"position\":2,\"name\":\"Pintar una comunitat de propietaris a Mallorca: permisos, terminis i manteniment\"}]},{\"@type\":\"WebSite\",\"@id\":\"https:\/\/pintormallorca.es\/#website\",\"url\":\"https:\/\/pintormallorca.es\/\",\"name\":\"Pinturas y lacados Toni Planas\",\"description\":\"Pintor Mallorca\",\"potentialAction\":[{\"@type\":\"SearchAction\",\"target\":{\"@type\":\"EntryPoint\",\"urlTemplate\":\"https:\/\/pintormallorca.es\/?s={search_term_string}\"},\"query-input\":{\"@type\":\"PropertyValueSpecification\",\"valueRequired\":true,\"valueName\":\"search_term_string\"}}],\"inLanguage\":\"ca\"},{\"@type\":\"Person\",\"@id\":\"https:\/\/pintormallorca.es\/#\/schema\/person\/83e647d782d0780a847e4fda9d06430e\",\"name\":\"jaume\",\"image\":{\"@type\":\"ImageObject\",\"inLanguage\":\"ca\",\"@id\":\"https:\/\/pintormallorca.es\/#\/schema\/person\/image\/\",\"url\":\"https:\/\/secure.gravatar.com\/avatar\/19d7d7a2fa30cb2610194589853bb0e30399b53150df754858f68d41d4f5d4e5?s=96&d=mm&r=g\",\"contentUrl\":\"https:\/\/secure.gravatar.com\/avatar\/19d7d7a2fa30cb2610194589853bb0e30399b53150df754858f68d41d4f5d4e5?s=96&d=mm&r=g\",\"caption\":\"jaume\"}}]}<\/script>\n<!-- \/ Yoast SEO plugin. -->","yoast_head_json":{"title":"Pintar una comunitat a Mallorca: permisos i terminis | Blog","description":"Guia per pintar una comunitat de propietaris: permisos, terminis, fa\u00e7anes, elevadors, manteniment i claus abans de demanar pressupost","robots":{"index":"index","follow":"follow","max-snippet":"max-snippet:-1","max-image-preview":"max-image-preview:large","max-video-preview":"max-video-preview:-1"},"canonical":"https:\/\/pintormallorca.es\/ca\/pintar-comunitat-propietaris\/","og_locale":"ca_ES","og_type":"article","og_title":"Pintar una comunitat a Mallorca: permisos i terminis | Blog","og_description":"Guia per pintar una comunitat de propietaris: permisos, terminis, fa\u00e7anes, elevadors, manteniment i claus abans de demanar pressupost","og_url":"https:\/\/pintormallorca.es\/ca\/pintar-comunitat-propietaris\/","og_site_name":"Pinturas y lacados Toni Planas","article_published_time":"2026-07-06T06:49:16+00:00","article_modified_time":"2026-07-06T07:06:55+00:00","og_image":[{"width":1080,"height":1350,"url":"https:\/\/pintormallorca.es\/wp-content\/uploads\/2026\/07\/Pintar-una-comunidad-en-Mallorca.jpg","type":"image\/jpeg"}],"author":"jaume","twitter_card":"summary_large_image","twitter_misc":{"Escrit per":"jaume","Temps estimat de lectura":"8 minuts"},"schema":{"@context":"https:\/\/schema.org","@graph":[{"@type":"WebPage","@id":"https:\/\/pintormallorca.es\/ca\/pintar-comunitat-propietaris\/","url":"https:\/\/pintormallorca.es\/ca\/pintar-comunitat-propietaris\/","name":"Pintar una comunitat a Mallorca: permisos i terminis | Blog","isPartOf":{"@id":"https:\/\/pintormallorca.es\/#website"},"primaryImageOfPage":{"@id":"https:\/\/pintormallorca.es\/ca\/pintar-comunitat-propietaris\/#primaryimage"},"image":{"@id":"https:\/\/pintormallorca.es\/ca\/pintar-comunitat-propietaris\/#primaryimage"},"thumbnailUrl":"https:\/\/pintormallorca.es\/wp-content\/uploads\/2026\/07\/Pintar-una-comunidad-en-Mallorca.jpg","datePublished":"2026-07-06T06:49:16+00:00","dateModified":"2026-07-06T07:06:55+00:00","author":{"@id":"https:\/\/pintormallorca.es\/#\/schema\/person\/83e647d782d0780a847e4fda9d06430e"},"description":"Guia per pintar una comunitat de propietaris: permisos, terminis, fa\u00e7anes, elevadors, manteniment i claus abans de demanar pressupost","breadcrumb":{"@id":"https:\/\/pintormallorca.es\/ca\/pintar-comunitat-propietaris\/#breadcrumb"},"inLanguage":"ca","potentialAction":[{"@type":"ReadAction","target":["https:\/\/pintormallorca.es\/ca\/pintar-comunitat-propietaris\/"]}]},{"@type":"ImageObject","inLanguage":"ca","@id":"https:\/\/pintormallorca.es\/ca\/pintar-comunitat-propietaris\/#primaryimage","url":"https:\/\/pintormallorca.es\/wp-content\/uploads\/2026\/07\/Pintar-una-comunidad-en-Mallorca.jpg","contentUrl":"https:\/\/pintormallorca.es\/wp-content\/uploads\/2026\/07\/Pintar-una-comunidad-en-Mallorca.jpg","width":1080,"height":1350,"caption":"pintar comunidad de vecinos en palma"},{"@type":"BreadcrumbList","@id":"https:\/\/pintormallorca.es\/ca\/pintar-comunitat-propietaris\/#breadcrumb","itemListElement":[{"@type":"ListItem","position":1,"name":"Portada","item":"https:\/\/pintormallorca.es\/ca\/"},{"@type":"ListItem","position":2,"name":"Pintar una comunitat de propietaris a Mallorca: permisos, terminis i manteniment"}]},{"@type":"WebSite","@id":"https:\/\/pintormallorca.es\/#website","url":"https:\/\/pintormallorca.es\/","name":"Pinturas y lacados Toni Planas","description":"Pintor Mallorca","potentialAction":[{"@type":"SearchAction","target":{"@type":"EntryPoint","urlTemplate":"https:\/\/pintormallorca.es\/?s={search_term_string}"},"query-input":{"@type":"PropertyValueSpecification","valueRequired":true,"valueName":"search_term_string"}}],"inLanguage":"ca"},{"@type":"Person","@id":"https:\/\/pintormallorca.es\/#\/schema\/person\/83e647d782d0780a847e4fda9d06430e","name":"jaume","image":{"@type":"ImageObject","inLanguage":"ca","@id":"https:\/\/pintormallorca.es\/#\/schema\/person\/image\/","url":"https:\/\/secure.gravatar.com\/avatar\/19d7d7a2fa30cb2610194589853bb0e30399b53150df754858f68d41d4f5d4e5?s=96&d=mm&r=g","contentUrl":"https:\/\/secure.gravatar.com\/avatar\/19d7d7a2fa30cb2610194589853bb0e30399b53150df754858f68d41d4f5d4e5?s=96&d=mm&r=g","caption":"jaume"}}]}},"_links":{"self":[{"href":"https:\/\/pintormallorca.es\/ca\/wp-json\/wp\/v2\/posts\/20070","targetHints":{"allow":["GET"]}}],"collection":[{"href":"https:\/\/pintormallorca.es\/ca\/wp-json\/wp\/v2\/posts"}],"about":[{"href":"https:\/\/pintormallorca.es\/ca\/wp-json\/wp\/v2\/types\/post"}],"author":[{"embeddable":true,"href":"https:\/\/pintormallorca.es\/ca\/wp-json\/wp\/v2\/users\/9"}],"replies":[{"embeddable":true,"href":"https:\/\/pintormallorca.es\/ca\/wp-json\/wp\/v2\/comments?post=20070"}],"version-history":[{"count":2,"href":"https:\/\/pintormallorca.es\/ca\/wp-json\/wp\/v2\/posts\/20070\/revisions"}],"predecessor-version":[{"id":20078,"href":"https:\/\/pintormallorca.es\/ca\/wp-json\/wp\/v2\/posts\/20070\/revisions\/20078"}],"wp:featuredmedia":[{"embeddable":true,"href":"https:\/\/pintormallorca.es\/ca\/wp-json\/wp\/v2\/media\/20066"}],"wp:attachment":[{"href":"https:\/\/pintormallorca.es\/ca\/wp-json\/wp\/v2\/media?parent=20070"}],"wp:term":[{"taxonomy":"category","embeddable":true,"href":"https:\/\/pintormallorca.es\/ca\/wp-json\/wp\/v2\/categories?post=20070"},{"taxonomy":"post_tag","embeddable":true,"href":"https:\/\/pintormallorca.es\/ca\/wp-json\/wp\/v2\/tags?post=20070"}],"curies":[{"name":"wp","href":"https:\/\/api.w.org\/{rel}","templated":true}]}}